{"id":276,"date":"2021-01-22T00:45:37","date_gmt":"2021-01-22T00:45:37","guid":{"rendered":"http:\/\/heroldundherold.de\/?p=276"},"modified":"2021-01-22T12:39:15","modified_gmt":"2021-01-22T12:39:15","slug":"unser-team-von-voelker-des-nordens","status":"publish","type":"post","link":"http:\/\/heroldundherold.de\/?p=276","title":{"rendered":"Unser Team von V\u00f6lker des Nordens"},"content":{"rendered":"\n<p><\/p>\n\n\n\n<div class=\"wp-block-image\"><figure class=\"aligncenter is-resized\"><img loading=\"lazy\" decoding=\"async\" src=\"http:\/\/heroldundherold.de\/wp-content\/uploads\/2021\/01\/Zwischenablage01.jpg\" alt=\"\" class=\"wp-image-290\" width=\"530\" height=\"530\" srcset=\"http:\/\/heroldundherold.de\/wp-content\/uploads\/2021\/01\/Zwischenablage01.jpg 598w, http:\/\/heroldundherold.de\/wp-content\/uploads\/2021\/01\/Zwischenablage01-150x150.jpg 150w, http:\/\/heroldundherold.de\/wp-content\/uploads\/2021\/01\/Zwischenablage01-300x300.jpg 300w, http:\/\/heroldundherold.de\/wp-content\/uploads\/2021\/01\/Zwischenablage01-70x70.jpg 70w\" sizes=\"(max-width: 530px) 100vw, 530px\" \/><\/figure><\/div>\n\n\n\n<p>Ich bin Anja und die Grafikerin im V\u00f6lker des Nordens Team. Ich \u00fcbernehme s\u00e4mtliche Grafik- und Layout-Arbeiten des Spiels, wie z.B. die Gestaltung unseres Logos und diverser Spielpl\u00e4ne.  <\/p>\n\n\n\n<div class=\"wp-block-image\"><figure class=\"aligncenter\"><img loading=\"lazy\" decoding=\"async\" width=\"526\" height=\"526\" src=\"http:\/\/heroldundherold.de\/wp-content\/uploads\/2021\/01\/128538895_165805955250538_3772369083063957116_o.jpg\" alt=\"\" class=\"wp-image-272\" srcset=\"http:\/\/heroldundherold.de\/wp-content\/uploads\/2021\/01\/128538895_165805955250538_3772369083063957116_o.jpg 526w, http:\/\/heroldundherold.de\/wp-content\/uploads\/2021\/01\/128538895_165805955250538_3772369083063957116_o-150x150.jpg 150w, http:\/\/heroldundherold.de\/wp-content\/uploads\/2021\/01\/128538895_165805955250538_3772369083063957116_o-300x300.jpg 300w, http:\/\/heroldundherold.de\/wp-content\/uploads\/2021\/01\/128538895_165805955250538_3772369083063957116_o-70x70.jpg 70w\" sizes=\"(max-width: 526px) 100vw, 526px\" \/><\/figure><\/div>\n\n\n\n<p>Ich  bin Theresa und arbeite an der visuellen Gestaltung von V\u00f6lker des  Nordens. Ich kann\u2019s kaum erwarten euch die Illustrationen zum Spielpan,  den Characters und vieles mehr zu zeigen! <\/p>\n\n\n\n<div class=\"wp-block-image\"><figure class=\"aligncenter\"><img loading=\"lazy\" decoding=\"async\" width=\"526\" height=\"526\" src=\"http:\/\/heroldundherold.de\/wp-content\/uploads\/2021\/01\/128403841_165807228583744_5151019589434435585_o.jpg\" alt=\"\" class=\"wp-image-271\" srcset=\"http:\/\/heroldundherold.de\/wp-content\/uploads\/2021\/01\/128403841_165807228583744_5151019589434435585_o.jpg 526w, http:\/\/heroldundherold.de\/wp-content\/uploads\/2021\/01\/128403841_165807228583744_5151019589434435585_o-150x150.jpg 150w, http:\/\/heroldundherold.de\/wp-content\/uploads\/2021\/01\/128403841_165807228583744_5151019589434435585_o-300x300.jpg 300w, http:\/\/heroldundherold.de\/wp-content\/uploads\/2021\/01\/128403841_165807228583744_5151019589434435585_o-70x70.jpg 70w\" sizes=\"(max-width: 526px) 100vw, 526px\" \/><\/figure><\/div>\n\n\n\n<p>Ich  bin Jan und habe die Aufgabe einen Soundtrack f\u00fcr V\u00f6lker des Nordens zu  komponieren. Unter Anderem stelle ich f\u00fcr euch tolle Erweiterungen f\u00fcrs  Spiel zusammen.<\/p>\n\n\n\n<div class=\"wp-block-image\"><figure class=\"aligncenter\"><img loading=\"lazy\" decoding=\"async\" width=\"526\" height=\"526\" src=\"http:\/\/heroldundherold.de\/wp-content\/uploads\/2021\/01\/131988974_181785900319210_9182806004498139903_o.jpg\" alt=\"\" class=\"wp-image-273\" srcset=\"http:\/\/heroldundherold.de\/wp-content\/uploads\/2021\/01\/131988974_181785900319210_9182806004498139903_o.jpg 526w, http:\/\/heroldundherold.de\/wp-content\/uploads\/2021\/01\/131988974_181785900319210_9182806004498139903_o-150x150.jpg 150w, http:\/\/heroldundherold.de\/wp-content\/uploads\/2021\/01\/131988974_181785900319210_9182806004498139903_o-300x300.jpg 300w, http:\/\/heroldundherold.de\/wp-content\/uploads\/2021\/01\/131988974_181785900319210_9182806004498139903_o-70x70.jpg 70w\" sizes=\"(max-width: 526px) 100vw, 526px\" \/><\/figure><\/div>\n\n\n\n<p>Ich  bin Florian und erfinde Spiele. V\u00f6lker des Nordens ist ein \u00fcber viele  Jahre entwickeltes Projekt. In kein andere Spiel habe ich so viel  Energie investiert. Besonders gespannt bin ich daher auf euer Feedback,  damit wir es gemeinsam noch ein bisschen besser machen. <\/p>\n\n\n\n<div class=\"wp-block-image\"><figure class=\"aligncenter\"><img loading=\"lazy\" decoding=\"async\" width=\"526\" height=\"526\" src=\"http:\/\/heroldundherold.de\/wp-content\/uploads\/2021\/01\/132039554_181787546985712_7496161409970810311_o.jpg\" alt=\"\" class=\"wp-image-274\" srcset=\"http:\/\/heroldundherold.de\/wp-content\/uploads\/2021\/01\/132039554_181787546985712_7496161409970810311_o.jpg 526w, http:\/\/heroldundherold.de\/wp-content\/uploads\/2021\/01\/132039554_181787546985712_7496161409970810311_o-150x150.jpg 150w, http:\/\/heroldundherold.de\/wp-content\/uploads\/2021\/01\/132039554_181787546985712_7496161409970810311_o-300x300.jpg 300w, http:\/\/heroldundherold.de\/wp-content\/uploads\/2021\/01\/132039554_181787546985712_7496161409970810311_o-70x70.jpg 70w\" sizes=\"(max-width: 526px) 100vw, 526px\" \/><\/figure><\/div>\n\n\n\n<p>Ich bin Guntram, der Bruder von Florian. Wir haben \u00fcber die Jahre hunderte Runden der V\u00f6lker gespielt und immer wieder die Eindr\u00fccke verarbeitet und Mechaniken angepasst. Besonders spannend war es hierbei extreme Strategien auszuprobieren. Ich spiele am liebsten die Goten. Welches Volk w\u00fcrdet Ihr w\u00e4hlen? <\/p>\n\n\n\n<p><\/p>\n","protected":false},"excerpt":{"rendered":"<p>Ich bin Anja und die Grafikerin im V\u00f6lker des Nordens Team. Ich \u00fcbernehme s\u00e4mtliche Grafik- und Layout-Arbeiten des Spiels, wie<\/p>\n<p class=\"more-link\"><a href=\"http:\/\/heroldundherold.de\/?p=276\" class=\"readmore\">Read More<svg class=\"icon icon-angle-right\" aria-hidden=\"true\" role=\"img\"> <use href=\"#icon-angle-right\" xlink:href=\"#icon-angle-right\"><\/use> <\/svg><span class=\"screen-reader-text\">Unser Team von V\u00f6lker des Nordens<\/span><\/a><\/p>\n","protected":false},"author":1,"featured_media":272,"comment_status":"open","ping_status":"open","sticky":false,"template":"","format":"standard","meta":{"footnotes":""},"categories":[10],"tags":[],"class_list":["post-276","post","type-post","status-publish","format-standard","has-post-thumbnail","hentry","category-voelker-des-nordens"],"_links":{"self":[{"href":"http:\/\/heroldundherold.de\/index.php?rest_route=\/wp\/v2\/posts\/276"}],"collection":[{"href":"http:\/\/heroldundherold.de\/index.php?rest_route=\/wp\/v2\/posts"}],"about":[{"href":"http:\/\/heroldundherold.de\/index.php?rest_route=\/wp\/v2\/types\/post"}],"author":[{"embeddable":true,"href":"http:\/\/heroldundherold.de\/index.php?rest_route=\/wp\/v2\/users\/1"}],"replies":[{"embeddable":true,"href":"http:\/\/heroldundherold.de\/index.php?rest_route=%2Fwp%2Fv2%2Fcomments&post=276"}],"version-history":[{"count":7,"href":"http:\/\/heroldundherold.de\/index.php?rest_route=\/wp\/v2\/posts\/276\/revisions"}],"predecessor-version":[{"id":291,"href":"http:\/\/heroldundherold.de\/index.php?rest_route=\/wp\/v2\/posts\/276\/revisions\/291"}],"wp:featuredmedia":[{"embeddable":true,"href":"http:\/\/heroldundherold.de\/index.php?rest_route=\/wp\/v2\/media\/272"}],"wp:attachment":[{"href":"http:\/\/heroldundherold.de\/index.php?rest_route=%2Fwp%2Fv2%2Fmedia&parent=276"}],"wp:term":[{"taxonomy":"category","embeddable":true,"href":"http:\/\/heroldundherold.de\/index.php?rest_route=%2Fwp%2Fv2%2Fcategories&post=276"},{"taxonomy":"post_tag","embeddable":true,"href":"http:\/\/heroldundherold.de\/index.php?rest_route=%2Fwp%2Fv2%2Ftags&post=276"}],"curies":[{"name":"wp","href":"https:\/\/api.w.org\/{rel}","templated":true}]}}