{"id":1425,"date":"2022-08-23T18:41:59","date_gmt":"2022-08-23T18:41:59","guid":{"rendered":"http:\/\/heroldundherold.de\/?p=1425"},"modified":"2022-09-21T19:55:29","modified_gmt":"2022-09-21T19:55:29","slug":"hintergruende-zu-den-spielkarten-von-haithabu","status":"publish","type":"post","link":"https:\/\/heroldundherold.de\/?p=1425","title":{"rendered":"Hintergr\u00fcnde zu den Spielkarten von Haithabu"},"content":{"rendered":"\n<p>Die Auswahl der Personennamen und Orte ist ma\u00dfgeblich von Wieland Herold entwickelt worden, er hat die Recherchen gef\u00fchrt und uns beraten und mit uns geplant wie wir die Volksst\u00e4mme mit den Namen besetzten, die ma\u00dfgeblich unsere Geschichte gepr\u00e4gt und f\u00fcr besondere Ver\u00e4nderungen gesorgt haben.<\/p>\n\n\n\n<figure class=\"wp-block-image size-large\"><img loading=\"lazy\" decoding=\"async\" width=\"819\" height=\"1024\" src=\"http:\/\/heroldundherold.de\/wp-content\/uploads\/2022\/08\/20220524_121008862_iOS-819x1024.png\" alt=\"\" class=\"wp-image-1426\" srcset=\"https:\/\/heroldundherold.de\/wp-content\/uploads\/2022\/08\/20220524_121008862_iOS-819x1024.png 819w, https:\/\/heroldundherold.de\/wp-content\/uploads\/2022\/08\/20220524_121008862_iOS-240x300.png 240w, https:\/\/heroldundherold.de\/wp-content\/uploads\/2022\/08\/20220524_121008862_iOS-768x960.png 768w, https:\/\/heroldundherold.de\/wp-content\/uploads\/2022\/08\/20220524_121008862_iOS.png 1080w\" sizes=\"(max-width: 819px) 100vw, 819px\" \/><figcaption>Volk: Wikinger Karte: Leif the Hero, ist Leif Erikson nachempfunden<\/figcaption><\/figure>\n\n\n\n<p>Bekannt durch seinen Vater Erik der Rote kam er ca. 970 zur Welt. In seinen gesch\u00e4tzten 50 Lebensjahren war Leif der erste Europ\u00e4er in Amerika. Von Gr\u00f6nland, \u201edem gr\u00fcnen Land\u201c, aus entdeckte er in mehreren Fahrten die Nordk\u00fcste Amerikas, heute Canada bis nach Vinland (Newfoundland). Damals war er ein Grund f\u00fcr Sagen, heute nach best\u00e4tigten Funden der ersten Siedlung, ist er eine Karte in unserem Spiel wert. Wir haben Ihn als jungen Mann gezeichnet, da angenommen wird, dass er Teil des Norwegischen Adels war, mit Kettenhemd, was zu der Zeit ein wertvolles gut war.<\/p>\n\n\n\n<figure class=\"wp-block-image size-large\"><img loading=\"lazy\" decoding=\"async\" width=\"819\" height=\"1024\" src=\"http:\/\/heroldundherold.de\/wp-content\/uploads\/2022\/08\/20220524_120157709_iOS-819x1024.png\" alt=\"\" class=\"wp-image-1433\" srcset=\"https:\/\/heroldundherold.de\/wp-content\/uploads\/2022\/08\/20220524_120157709_iOS-819x1024.png 819w, https:\/\/heroldundherold.de\/wp-content\/uploads\/2022\/08\/20220524_120157709_iOS-240x300.png 240w, https:\/\/heroldundherold.de\/wp-content\/uploads\/2022\/08\/20220524_120157709_iOS-768x960.png 768w, https:\/\/heroldundherold.de\/wp-content\/uploads\/2022\/08\/20220524_120157709_iOS.png 1080w\" sizes=\"(max-width: 819px) 100vw, 819px\" \/><figcaption>Volk: Langobarden Karte: Theodelinde the huntress, ist Theodelinde der K\u00f6nigin der Langobarden nachempfunden<\/figcaption><\/figure>\n\n\n\n<p>Ihr erster Mann K\u00f6nig Authari starb ein Jahr nach der Hochzeit, so dass sie darauf 590 Agilulf heiratete, der erste Langobarden K\u00f6nig der nach 25 J\u00e4hriger Regentschaft einen nat\u00fcrlichen Tod fand. Die letzten Jahre f\u00fchrte Theodelinde als Vormund f\u00fcr ihren Sohn Adaloald die Regentschaft. Sie war eine m\u00e4chtige Frau die besonders Einfluss auf die Religionspolitik nahm, mit Briefwechsel zum Papst, st\u00e4rke sie die katholische Kirche deutlich. Ihr Sohn fiel den politischen R\u00e4nkespielen und der religi\u00f6sen Haltung seiner einflussnehmenden Mutter zum Opfer. Kurz darauf verstarb Theodelinde im Alter von knapp 60 Jahren. <\/p>\n\n\n\n<p>Die katholische Kirche verehrt sie als Seelige und eine Gedenktafel findet sich fast 1400 nach ihrem Tod in der Walhalla in Bayern. Wir haben sie als J\u00e4gerin gezeichnet, die Kette gibt Hinweis auf die Namensgeberin, leider gibt es keine \u00fcberlieferten Zeichnungen von Theodelinde die authentisch w\u00e4ren. Wir finden die Karte spiegelt die Kraft und den Lebensmut, die eine starke Frau zu dieser Zeit brauchte um etwas ver\u00e4ndern zu k\u00f6nnen.<\/p>\n\n\n\n<figure class=\"wp-block-image size-large\"><img loading=\"lazy\" decoding=\"async\" width=\"819\" height=\"1024\" src=\"http:\/\/heroldundherold.de\/wp-content\/uploads\/2022\/08\/20220524_115817984_iOS-819x1024.jpg\" alt=\"\" class=\"wp-image-1437\" srcset=\"https:\/\/heroldundherold.de\/wp-content\/uploads\/2022\/08\/20220524_115817984_iOS-819x1024.jpg 819w, https:\/\/heroldundherold.de\/wp-content\/uploads\/2022\/08\/20220524_115817984_iOS-240x300.jpg 240w, https:\/\/heroldundherold.de\/wp-content\/uploads\/2022\/08\/20220524_115817984_iOS-768x960.jpg 768w, https:\/\/heroldundherold.de\/wp-content\/uploads\/2022\/08\/20220524_115817984_iOS.jpg 1080w\" sizes=\"(max-width: 819px) 100vw, 819px\" \/><figcaption>Volk: Angelsachsen Karte: Billfrith the Warrior, nachempfunden nach Billfrith the Achroite (der Einsiedler) war Goldschmied.<\/figcaption><\/figure>\n\n\n\n<p>Er lebt im 8 Jahrhundert in Nordumbrien und arbeitet mit an dem im Kloster Lindisfarne erstellten Evangeliar von Lindisfarne. Er vergoldete das Buch. Das Buch gibt es bis heute, ein nicht vollendetes Werk mit dem Evangelium, sehr aufwendig illustriert und wertvoll gebunden und au\u00dfergew\u00f6hnlich das es so gut bis heute erhalten geblieben ist.<\/p>\n\n\n\n<p>Das Kloster wurde noch ende des Jahrhunderts von den Wikingern gepl\u00fcndert, es gilt als der Vorfall, der die Wikingerzeit markiert. (Die Serie Vikings nutzt dieses auch als erste Vorlage f\u00fcr den Beginn der Ereignisse in England) Ende des neunten Jahrhunderts wurde Lindisfarne aus Angst vor weiteren \u00dcberf\u00e4llen aufgegeben. Ein Wunder das das Evangeliar von Lindisfarne \u00fcberstand.<\/p>\n\n\n\n<p>Billfrith steht f\u00fcr die stetigen Ver\u00e4nderungen die England seit dem gepr\u00e4gt haben. Damals gab es noch kein geeintes England. Vielleicht waren die Angelsachsen daher so religi\u00f6s, um Stabilit\u00e4t im Glauben zu finden. Vorstellbar ist, dass Billfrith sich als Einsiedler zur\u00fcckzog. \u00dcberliefert ist das nicht, sein Name ist der einzige Bezugspunkt, vielleicht starb er auch mit dem Schwert im Kampf gegen die Wikinger 793. Wir haben ihn nach Vorlagen gezeichnet die M\u00e4nner aus der Zeit ausgemacht haben. Es passierte nicht oft, dass Menschen, die nicht von Stand waren oder im Kirchendienst Erw\u00e4hnung in Aufzeichnungen finden, daher haben wir entschieden Billfrith mit als Karte aufzunehmen.<\/p>\n\n\n\n<figure class=\"wp-block-image size-large\"><img loading=\"lazy\" decoding=\"async\" width=\"819\" height=\"1024\" src=\"http:\/\/heroldundherold.de\/wp-content\/uploads\/2022\/08\/Richimer-819x1024.png\" alt=\"\" class=\"wp-image-1447\" srcset=\"https:\/\/heroldundherold.de\/wp-content\/uploads\/2022\/08\/Richimer-819x1024.png 819w, https:\/\/heroldundherold.de\/wp-content\/uploads\/2022\/08\/Richimer-240x300.png 240w, https:\/\/heroldundherold.de\/wp-content\/uploads\/2022\/08\/Richimer-768x960.png 768w, https:\/\/heroldundherold.de\/wp-content\/uploads\/2022\/08\/Richimer.png 1080w\" sizes=\"(max-width: 819px) 100vw, 819px\" \/><figcaption>Volk: Franken Karte: Richimer the nobleman nachempfunden nach Richimer K\u00f6nig der Sicambrian (sp\u00e4ter Franken)<\/figcaption><\/figure>\n\n\n\n<p>Geboren als Gallier, war er ein viertel Jahrhundert und das im ersten Jahrhundert unserer Zeitrechnung, K\u00f6nig. K\u00f6nig sein bedeutete zu der Zeit nicht, dass man residierte, K\u00f6nige waren die ganze Zeit auf Reisen, um in allen Teilen ihres Reiches pr\u00e4sent zu sein. <\/p>\n\n\n\n<p>Die Franken werden erst im dritten Jahrhundert erw\u00e4hnt, Richimer und andere F\u00fcrsten der Zeit n\u00f6rdlich der Rhein Linie, waren im stetigen Handel und Krieg mit den R\u00f6mern. Am Ende verdr\u00e4ngten sie die R\u00f6mer und es entstand das riesige Frankenland.<\/p>\n\n\n\n<p>Ich kann mir gut vorstellen, wie Richimer am Rheinufer stand und besorgt auf die R\u00f6merbefestigungen schaute und auf ihre Schiffe, die pfeilschnell fuhren. Noch einige Generationen seiner Enkel nahmen best\u00e4ndig die Titelfolge wahr und waren damit K\u00f6nig. Wir haben ihm eine Karte gewidmet, um die Urspr\u00fcnge deutlich aufzuzeigen. Die R\u00f6mer sind Teil unserer gesamteurop\u00e4ischen Geschichte und haben bis heute Stra\u00dfen und Wasser- Wege und Orte gepr\u00e4gt. Auch das Frankenreich in seiner Gr\u00f6\u00dfe war verg\u00e4nglich und findet hier seinen Ursprung, im Aufbegehren gegen die R\u00f6mer deren Einflussbereich schwand.<\/p>\n\n\n\n<figure class=\"wp-block-image size-large\"><img loading=\"lazy\" decoding=\"async\" width=\"819\" height=\"1024\" src=\"http:\/\/heroldundherold.de\/wp-content\/uploads\/2022\/08\/Nordalbingien-819x1024.png\" alt=\"\" class=\"wp-image-1448\" srcset=\"https:\/\/heroldundherold.de\/wp-content\/uploads\/2022\/08\/Nordalbingien-819x1024.png 819w, https:\/\/heroldundherold.de\/wp-content\/uploads\/2022\/08\/Nordalbingien-240x300.png 240w, https:\/\/heroldundherold.de\/wp-content\/uploads\/2022\/08\/Nordalbingien-768x960.png 768w, https:\/\/heroldundherold.de\/wp-content\/uploads\/2022\/08\/Nordalbingien.png 1080w\" sizes=\"(max-width: 819px) 100vw, 819px\" \/><figcaption><a href=\"Ort: Nordalbingien. Der Name bedeutet n\u00f6rdlich der Elbe.\">Ort: Nordalbingien. Der Name bedeutet n\u00f6rdlich der Elbe.<\/a><\/figcaption><\/figure>\n\n\n\n<p>Der umfassende Landabschnitt war im 8. Jahrhundert noch deutlich gr\u00f6\u00dfer als um das Jahr 1000. Das Kerngebiet kann man nordwestlich von Hamburg zuordnen.<\/p>\n\n\n\n<p>Erst besiedelt von den Sachsen \u00e4nderte Karl der Gro\u00dfe die Machtverh\u00e4ltnisse und gliederte das Gebiet ins Fr\u00e4nkische Reich ein. Das Gebiet n\u00f6rdlich der Elbe wechselte noch oft die Anspruchsverh\u00e4ltnisse, bis es nun heute in Deutschland liegt.<\/p>\n\n\n\n<p>Nordalbingien ist bis heute besiedelt von einem stolzen Volk, Karl der gro\u00dfe siedelte Tausende Familien um, damit er endlich ihren Widerstand gegen die Franken brechen konnte. Sp\u00e4ter durften Sie vermutlich zur\u00fcckkehren, das ist nicht klar \u00fcberliefert. Wie war es wohl, in dieser Zeit Haus und Hof verlassen zu m\u00fcssen und umzusiedeln ins Land der Franken, die man verabscheute.<\/p>\n\n\n\n<p>Unsere Zeichnung ist inspiriert von den Marschen, eine Mischung aus kleinen Siedlungen, Ackerfl\u00e4chen und H\u00e4fen, zwischen Fl\u00fcssen und Meer. Um 800 gab es damals eine dichte Bewaldung, bis 1300 war durch die wachsende Bev\u00f6lkerung und deren Bedarf am Rohstoff Holz der Waldbestand sogar geringer als heute.<\/p>\n\n\n\n<figure class=\"wp-block-image size-large\"><img loading=\"lazy\" decoding=\"async\" width=\"819\" height=\"1024\" src=\"http:\/\/heroldundherold.de\/wp-content\/uploads\/2022\/08\/the-Herald-819x1024.png\" alt=\"\" class=\"wp-image-1453\" srcset=\"https:\/\/heroldundherold.de\/wp-content\/uploads\/2022\/08\/the-Herald-819x1024.png 819w, https:\/\/heroldundherold.de\/wp-content\/uploads\/2022\/08\/the-Herald-240x300.png 240w, https:\/\/heroldundherold.de\/wp-content\/uploads\/2022\/08\/the-Herald-768x960.png 768w, https:\/\/heroldundherold.de\/wp-content\/uploads\/2022\/08\/the-Herald.png 1080w\" sizes=\"(max-width: 819px) 100vw, 819px\" \/><figcaption>The Herald, Version der Franken.<\/figcaption><\/figure>\n\n\n\n<p>Der Name ist eine alte Berufsbezeichnung. Er steht f\u00fcr einen Boten. Eigentlich waren Herolde mehr als das, denn sie waren auch f\u00fcr das Zeremoniell zust\u00e4ndig. Erste Hinweise auf die Namensgebung Herald finden sich im 12 Jahrhundert. Auch ohne diese Bezeichnung gab es vorher Boten die gesendet wurden, daher haben wir uns entschieden den Namen zu verwenden, auch wenn er nicht den ganzen Zeitabschnitt von \u201eHaithabu\u201c abbildet.<\/p>\n\n\n\n<p>Da der Nachname unserer Autoren Herold ist, verbuchen wir es zus\u00e4tzlich als Wortspiel und es war klar, dass die Karte so hei\u00dfen soll.<\/p>\n\n\n\n<figure class=\"wp-block-image size-large\"><img loading=\"lazy\" decoding=\"async\" width=\"819\" height=\"1024\" src=\"http:\/\/heroldundherold.de\/wp-content\/uploads\/2022\/09\/Askold-819x1024.png\" alt=\"\" class=\"wp-image-1456\" srcset=\"https:\/\/heroldundherold.de\/wp-content\/uploads\/2022\/09\/Askold-819x1024.png 819w, https:\/\/heroldundherold.de\/wp-content\/uploads\/2022\/09\/Askold-240x300.png 240w, https:\/\/heroldundherold.de\/wp-content\/uploads\/2022\/09\/Askold-768x960.png 768w, https:\/\/heroldundherold.de\/wp-content\/uploads\/2022\/09\/Askold.png 1080w\" sizes=\"(max-width: 819px) 100vw, 819px\" \/><figcaption>Volk: Wikinger Karte: Askold the nobelman nachempfunden nach Askold F\u00fcrst der War\u00e4ger<\/figcaption><\/figure>\n\n\n\n<p>Das Volk der War\u00e4ger entspringt den Wikingern. Sie waren zwischen 800 und 1200 in vorwiegend in Osteuropa aktiv. Die M\u00e4nner der War\u00e4ger waren durch Eide gebunden und ein definierten sich in M\u00e4nnerb\u00fcnden durch Ihre Schw\u00fcre. Sie kamen durch Handel, Siedlung- und Kriegspolitik bis nach Konstantinopel. Um 1000 stellen Sie die Leibgarde des byzantinischen Kaisers.<\/p>\n\n\n\n<p>Askold und sein Bruder Dir, waren die Bezwinger der Chasaren, sie eroberten die Stadt Kiew und begr\u00fcndeten das F\u00fcrstentum Kiew um ca 860. Nach seinem Tod, ca 880 gr\u00fcndeten sich die Kiewer Rus. Die Nachfahren herrschten bis ins sp\u00e4te 16 Jahrhundert \u00fcber Russland.<\/p>\n\n\n\n<p>Bis heute gibt es daher \u00fcber die Zugeh\u00f6rigkeit des russischen Volkes und deren Ahnen Diskussionsstoff. Wir glauben die Wahrheit liegt in der Mitte, Russland ist ein Riesenreich, mit fielen Einfl\u00fcssen und vielen Wurzeln.<\/p>\n\n\n\n<p>Ich sehe Askold an den Holzw\u00e4llen stehen, auf einem der drei gro\u00dfen Kiewer H\u00fcgel. Er starb sicher mit dem Schwert in der Hand. Den Legende nach liegt sein Grab unter der St Nikolaus Kirche in Kiew.<\/p>\n\n\n\n<p>Wir finden die Geschichte von Askold, den Rus und der n\u00e4he der Wikinger zum Russischen Volk sehr spannenden. Heut \u00fcberschattet durch die aktuellen Ereignisse. Wir haben auch dem Ort Kiew eine Karte gewidmet.<\/p>\n\n\n\n<p><\/p>\n\n\n\n<figure class=\"wp-block-image size-large\"><img loading=\"lazy\" decoding=\"async\" width=\"819\" height=\"1024\" src=\"http:\/\/heroldundherold.de\/wp-content\/uploads\/2022\/09\/Garibald-819x1024.png\" alt=\"\" class=\"wp-image-1463\" srcset=\"https:\/\/heroldundherold.de\/wp-content\/uploads\/2022\/09\/Garibald-819x1024.png 819w, https:\/\/heroldundherold.de\/wp-content\/uploads\/2022\/09\/Garibald-240x300.png 240w, https:\/\/heroldundherold.de\/wp-content\/uploads\/2022\/09\/Garibald-768x960.png 768w, https:\/\/heroldundherold.de\/wp-content\/uploads\/2022\/09\/Garibald.png 1080w\" sizes=\"(max-width: 819px) 100vw, 819px\" \/><figcaption>Volk: Langobarden Karte: Garibald the knight, ist Garibald dem ersten, Herzog von Bayern nachempfunden<\/figcaption><\/figure>\n\n\n\n<p>Unser Spieleverlag sitzt in Bayern und nat\u00fcrlich wollen wir dem ersten namentlich bekannten Herzog von Bayern eine Karte widmen.&nbsp; Er verkn\u00fcpft die Volkst\u00e4mme, deswegen passt er auch ideal zu unserem Spiel, da diese Verbindungen zwischen den Volkst\u00e4mmen am Ende immer zu Ver\u00e4nderungen gef\u00fchrt haben.<\/p>\n\n\n\n<p>Garibalds Herkunft ist nicht klar gekl\u00e4rt, sicher ist das der Fr\u00e4nkische K\u00f6nig ihn als Herzog einsetzte, warum ist es dann eine Langobarden-Spielkarte? Ca 550 heiratete er Waldeada, die Tochter des Wachos, verstorbener K\u00f6nig der Langobarden. Sie war mit Ihm in dritter Ehe.<\/p>\n\n\n\n<p>Das Stie\u00df eine Kette von Ereignissen an, die dazu f\u00fchrten, dass sich Bayern eine Zeit sogar gegen die Franken stelle. Seine Tochter die selig gesprochene Theodelinde (die auch Teil unseres Spiels ist) heiratete K\u00f6nig Authari der Langobarden.<\/p>\n\n\n\n<p>590 einigten sich die Langobarden mit den Franken, Garibalds Herrschaft \u00fcber Bayern endete und die Franken \u00fcbernahmen wieder das Zepter. Vermutlich war er sein Sohn und sollte es \u00fcbernehmen, Tassilo der erste. Wir glauben, Garibald war zu sehr Langobarde, um noch im Frankreich regieren zu k\u00f6nnen.<\/p>\n\n\n\n<p>Spannend, dass sich bis heue die witzelnde Animosit\u00e4t zwischen den Bayern und den Franken erhalten haben. Manches vergisst ein Volk wohl nie.<\/p>\n\n\n\n<figure class=\"wp-block-image size-large\"><img loading=\"lazy\" decoding=\"async\" width=\"819\" height=\"1024\" src=\"http:\/\/heroldundherold.de\/wp-content\/uploads\/2022\/09\/Haithabu-819x1024.png\" alt=\"\" class=\"wp-image-1466\" srcset=\"https:\/\/heroldundherold.de\/wp-content\/uploads\/2022\/09\/Haithabu-819x1024.png 819w, https:\/\/heroldundherold.de\/wp-content\/uploads\/2022\/09\/Haithabu-240x300.png 240w, https:\/\/heroldundherold.de\/wp-content\/uploads\/2022\/09\/Haithabu-768x960.png 768w, https:\/\/heroldundherold.de\/wp-content\/uploads\/2022\/09\/Haithabu.png 1080w\" sizes=\"(max-width: 819px) 100vw, 819px\" \/><figcaption>Ort: Haithabu. Bedeutung: Heidesiedlung, eine Wikinger Stadt und Handelshafen im heutigen Schleswig Holstein.<\/figcaption><\/figure>\n\n\n\n<p>Unser Spiel hei\u00dft Haithabu. Wir haben uns f\u00fcr diesen Namen entschieden, weil Haithabu ein Ort war, an dem die Volkst\u00e4mme zusammenkamen, um Handel zu treiben. Ein Ort der Kriege und des schnellen Wachstums, ein Ort der 300 Jahre bestand und am Ende aufgerieben wurde.<\/p>\n\n\n\n<p>Wir finden es ist ein gutes Beispiel wie offenkundig die Entwicklung der V\u00f6lker des Nordens ist durch den Einfluss verschiedener St\u00e4mme. Wie schnelllebig und doch 900 Jahre sp\u00e4ter immer noch ihre Spuren hinterl\u00e4sst.<\/p>\n\n\n\n<p>Warum Haithabu aufgegeben wurde? Vermutlich war der Standort durch Versandung der Hafenanlage nicht mehr attraktiv genug und weil es gepl\u00fcndert wurde. Es ging auf in die heutige Stadt Schleswig, aber das ist eine andere Geschichte.<\/p>\n\n\n\n<p>Zur Bl\u00fctezeit der Wikinger war Haithabu eine Stadt voller Leben, voller Tatendrang. Das Zentrum des Handels im Norden. An dem Standort gibt es heute ein gro\u00dfartiges Museum, dort kann man diese Zeit wieder aufleben lassen und verstehen lernen.<\/p>\n\n\n\n<figure class=\"wp-block-image size-large\"><img loading=\"lazy\" decoding=\"async\" width=\"819\" height=\"1024\" src=\"http:\/\/heroldundherold.de\/wp-content\/uploads\/2022\/09\/Halfdan-819x1024.png\" alt=\"\" class=\"wp-image-1469\" srcset=\"https:\/\/heroldundherold.de\/wp-content\/uploads\/2022\/09\/Halfdan-819x1024.png 819w, https:\/\/heroldundherold.de\/wp-content\/uploads\/2022\/09\/Halfdan-240x300.png 240w, https:\/\/heroldundherold.de\/wp-content\/uploads\/2022\/09\/Halfdan-768x960.png 768w, https:\/\/heroldundherold.de\/wp-content\/uploads\/2022\/09\/Halfdan.png 1080w\" sizes=\"(max-width: 819px) 100vw, 819px\" \/><figcaption>Volk: Wikinger Karte: Halfdan the Hero nachempfunden nach Halfdan dem Wikingerf\u00fcrsten.<\/figcaption><\/figure>\n\n\n\n<p>Bis heute ist nicht sicher, ob er ein Sohn Ragnar Lodbroks war.<br>Er fiel in England ein und eroberte weite Teile. Als Anf\u00fchrer der Wikinger schlug er sich in vielen Schlachten, wobei er nicht jede gewann. Dort gr\u00fcndete er die Stadt Jorvik, die heute York hei\u00dft.<\/p>\n\n\n\n<p>In den Jahren 871 und 872 soll er Herrscher von London gewesen sein. Er starb in Irland, wo er zum Schluss seine Macht aus\u00fcben wollte.<br>Sein Leben fiel in die Zeit von Alfred dem Gro\u00dfen (auch eine Karte unseres Spiels), der es als erster schaffte, eine Resilienz gegen die Willk\u00fcrlichkeit und schnelle Attacken der Wikinger aufzubauen. Er hatte eine kurze Zeit alles und verlor den meisten Einfluss wieder, und wir finden, daran erkennt man, dass die Wikinger wenig auf diese best\u00e4ndige Macht gaben und der kurze Ruhm wichtiger war.<\/p>\n\n\n\n<p>Die Sachsen m\u00fcssen ihn gef\u00fcrchtet haben. Schade, dass so wenig \u00fcber ihn \u00fcberliefert ist, so bleibt es mystisch. Die Serie Vikings hat ihn als Bruder von K\u00f6nig Harald dargestellt, die \u00dcberlieferungen geben das leider nicht her, trotzdem eine gro\u00dfartige Serie.<\/p>\n\n\n\n<figure class=\"wp-block-image size-large\"><img loading=\"lazy\" decoding=\"async\" width=\"819\" height=\"1024\" src=\"http:\/\/heroldundherold.de\/wp-content\/uploads\/2022\/09\/Alfred-819x1024.png\" alt=\"\" class=\"wp-image-1471\" srcset=\"https:\/\/heroldundherold.de\/wp-content\/uploads\/2022\/09\/Alfred-819x1024.png 819w, https:\/\/heroldundherold.de\/wp-content\/uploads\/2022\/09\/Alfred-240x300.png 240w, https:\/\/heroldundherold.de\/wp-content\/uploads\/2022\/09\/Alfred-768x960.png 768w, https:\/\/heroldundherold.de\/wp-content\/uploads\/2022\/09\/Alfred.png 1080w\" sizes=\"(max-width: 819px) 100vw, 819px\" \/><figcaption>Volk: Angelsachsen Karte: Alfred the Knight nachempfunden Alfred dem Gro\u00dfen K\u00f6nig der Westsachsen und sp\u00e4ter der Angelsachsen<\/figcaption><\/figure>\n\n\n\n<p>Alfred, ein sagenumwobener K\u00f6nig, der durch starke F\u00fchrung sein Land erfolgreich gegen die Wikinger verteidigte. Als kleiner Junge pilgerte er nach Rom. Dort begegnete er Papst Leo dem Vierten,&nbsp; der ihn zum K\u00f6nig salbte.<\/p>\n\n\n\n<p>Er wurde jung K\u00f6nig und musste viele Niederlagen gegen die D\u00e4nen einstecken. Bis er sich Teile seines Gebietes zur\u00fcckeroberte. Mit der Wikingerk\u00f6nigin Guthrum handelte er einen Frieden aus.<\/p>\n\n\n\n<p>Alfred baute Burgen und Wallanlagen gerade um London. Er baute die Flotte neu auf und er schuf Lehranstalten, f\u00f6rderte die Bildung von M\u00e4nnern.<\/p>\n\n\n\n<p>Nach Guthrums Tod kam es wieder zu Machtk\u00e4mpfen, doch Alfred war mittlerweile ein geschulter Kriegsherr und dr\u00e4ngte sie zur\u00fcck. Er hinterlie\u00df eine neue Machtstruktur, die verhinderte, dass die Wikinger jemals wieder so viel Macht aus\u00fcben konnten.<\/p>\n\n\n\n<p>Ganz England konnte er nicht vereinen, den Teil der Sachen und Angeln schon, f\u00fcr sie war er der K\u00f6nig und damit f\u00fcr uns der erste richtige K\u00f6nig der Angelsachsen.<\/p>\n\n\n\n<figure class=\"wp-block-image size-large\"><img loading=\"lazy\" decoding=\"async\" width=\"819\" height=\"1024\" src=\"http:\/\/heroldundherold.de\/wp-content\/uploads\/2022\/09\/Ort-Castle-Eltz-819x1024.png\" alt=\"\" class=\"wp-image-1478\" srcset=\"https:\/\/heroldundherold.de\/wp-content\/uploads\/2022\/09\/Ort-Castle-Eltz-819x1024.png 819w, https:\/\/heroldundherold.de\/wp-content\/uploads\/2022\/09\/Ort-Castle-Eltz-240x300.png 240w, https:\/\/heroldundherold.de\/wp-content\/uploads\/2022\/09\/Ort-Castle-Eltz-768x960.png 768w, https:\/\/heroldundherold.de\/wp-content\/uploads\/2022\/09\/Ort-Castle-Eltz.png 1080w\" sizes=\"(max-width: 819px) 100vw, 819px\" \/><figcaption>Ort: Castle Eltz. Der Name ist ein Familienname<\/figcaption><\/figure>\n\n\n\n<p>Erstaunlich ist, dass die Burg seit 870 Jahren immer von der Adelsfamilie Eltz bewohnt und bewirtschaftet wurde.<\/p>\n\n\n\n<p>Im 12 Jahrhundert entstand die Burg Eltz an einem Handelspfad in der N\u00e4he der Mosel. Viele der Familie Eltz wurden bekannt als Geistliche, bis hin zum Erzbischof. Die Burg musste nur einmal einen Krieg aushalten, sie wurde zwei Jahre um 1330 belagert und am Ende zur Aufgabe gezwungen. Trotzdem, nach Aufgabe einiger Privilegien konnte die Familie Eltz ihren Sitz halten.<\/p>\n\n\n\n<p>Auf unserer Karte ist die Burg Eltz, weil sie unvorstellbar beeindruckend und ungew\u00f6hnlich ist. Wegen ihrer besonderen, verwinkelten Bauweise und der \u00fcber die Jahrhunderte gewachsenen Einfl\u00fcsse. Sie zeigt stolz, dass doch einige Burgen alle Zeiten \u00fcberdauert haben. Das war ja auch der Grund ihrer Errichtung, um den st\u00e4ndig wechselnden M\u00e4chten zu trotzen.<\/p>\n\n\n\n<p>Einen Besuch ist sie wert und dort kann man heute noch die Nachfahren der Familie von Eltz antreffen.<\/p>\n\n\n\n<figure class=\"wp-block-image size-large\"><img loading=\"lazy\" decoding=\"async\" width=\"819\" height=\"1024\" src=\"http:\/\/heroldundherold.de\/wp-content\/uploads\/2022\/09\/Ort-Salland-819x1024.png\" alt=\"\" class=\"wp-image-1480\" srcset=\"https:\/\/heroldundherold.de\/wp-content\/uploads\/2022\/09\/Ort-Salland-819x1024.png 819w, https:\/\/heroldundherold.de\/wp-content\/uploads\/2022\/09\/Ort-Salland-240x300.png 240w, https:\/\/heroldundherold.de\/wp-content\/uploads\/2022\/09\/Ort-Salland-768x960.png 768w, https:\/\/heroldundherold.de\/wp-content\/uploads\/2022\/09\/Ort-Salland.png 1080w\" sizes=\"(max-width: 819px) 100vw, 819px\" \/><figcaption>Ort: Salland, Terra Salica bedeutet auch das Herrenland, ein Regionsbegriff und ein Gebiet in den heutigen Niederlanden<\/figcaption><\/figure>\n\n\n\n<p>Die Franken nutzten Terra Salica als eine Art Landbesitz, der nur von M\u00e4nnern vererbt werden konnte. Fast immer gegen Knechtschaft. Schon im 600 Jahrhundert erweiterte K\u00f6nig Chilperich, K\u00f6nig im Franken (Merowinger) Reich, diese M\u00f6glichkeit auf Frauen, aber nur, wenn es keine M\u00e4nner gab.<\/p>\n\n\n\n<p>Es gab viele weitere Begriffe f\u00fcr Gebiete dieser Art, in dem man einzelnen etwas Anspruch gew\u00e4hrte und damit f\u00fcr die Kontrolle der rechtlosen Bauern die Herrschaft auch \u00fcber die auf diesem Land lebenden und arbeitenden Menschen garantierte. Eigentlicher Besitzer war trotzdem der Grundherr, der immer Adelige oder kirchliche Titel trug. So konnte er Teile seines Gebietes auf diese Weise selbst bewirtschaften. Ein perfides System was in Form der \u00fcbergeordneten Fronh\u00f6fe, Meiereien fast bis heute bestand hatte.<\/p>\n\n\n\n<p>Wir finden das Salland so spannend, weil es aufzeigt wie der Adel die Mehrheit seiner Bev\u00f6lkerung um die 80% Bauern, in Strukturen presste, um diese zu dominieren. Auf der anderen Seite, auch wenn nicht frei, galt im fr\u00fchen Mittelalter auch der Anspruch auf Schutz f\u00fcr die Bauern.<\/p>\n\n\n\n<p>Die Region Salland tr\u00e4gt vermutlich ihren Namen, weil die Franken dort diese Art von Gebiet h\u00e4ufig nutzten, um Land zu definieren. Der Landstrich ist mehrheitlich kultiviert und zeigt auf, dass im Mittelalter alle Fl\u00e4chen nutzbar gemacht wurden.<br><\/p>\n\n\n\n<figure class=\"wp-block-image size-large\"><img loading=\"lazy\" decoding=\"async\" width=\"819\" height=\"1024\" src=\"http:\/\/heroldundherold.de\/wp-content\/uploads\/2022\/09\/Ort-Tullnerfeld-819x1024.png\" alt=\"\" class=\"wp-image-1483\" srcset=\"https:\/\/heroldundherold.de\/wp-content\/uploads\/2022\/09\/Ort-Tullnerfeld-819x1024.png 819w, https:\/\/heroldundherold.de\/wp-content\/uploads\/2022\/09\/Ort-Tullnerfeld-240x300.png 240w, https:\/\/heroldundherold.de\/wp-content\/uploads\/2022\/09\/Ort-Tullnerfeld-768x960.png 768w, https:\/\/heroldundherold.de\/wp-content\/uploads\/2022\/09\/Ort-Tullnerfeld.png 1080w\" sizes=\"(max-width: 819px) 100vw, 819px\" \/><figcaption>Ort: Tullnerfeld ist ein Gebiet im heutigen \u00d6sterreich.<\/figcaption><\/figure>\n\n\n\n<p>Es zeichnet sich als Schwemmland der Donau aus und ist relativ flach und daher ein ideales Landwirtschaftsgebiet. Das haben die ersten Siedler dort erkannt. Im Zentrum des Tullnerfeldes, des Tullner Beckens, besteht die Stadt Tulln. Eine Stadt, begr\u00fcndet durch die R\u00f6mer im 1. Jahrhundert mit 2000 Jahre Geschichte.<\/p>\n\n\n\n<p>Um 480 ereignete sich eine blutige Schlacht am Donauufer. Die Rugier k\u00e4mpften gegen die Westr\u00f6mer, die sie besiegten. Tragisch, weil K\u00f6nig Feletheus-Fewa und seine Frau Giso gefangen und get\u00f6tet wurden. Ihr Sohn versuchte eine R\u00fcckeroberung seines Familienreiches aber scheiterte.<\/p>\n\n\n\n<p>Es war die letzte Amtszeit eines westr\u00f6mischen Kaisers Romulus Augustulus, danach gab es keine westr\u00f6mischen Kaiser mehr. Die Wanderung der Langobarden hatte l\u00e4ngst begonnen, 200 Jahre sp\u00e4ter sollte das Langobardenreich unter K\u00f6nig Liutprand ca. 730 seine h\u00f6chste Ausdehnung haben und das Tullnerfeld miteinschlie\u00dfen. Zu dieser Zeit erhielt Tulln auch den Stadtstatus.<\/p>\n\n\n\n<p>Im 13. Jahrhundert schildert das Nibelungenlied wie in Tulln Etzel der Hunnenk\u00f6nig, Kriemhild empfing.<\/p>\n\n\n\n<p>Im laufe der Geschichte war das Tullnerfeld des Weiteren den Franken, dem Bairischen Ostland, heute \u00d6sterreich zugerechnet. Um 1680 diente Tulln als Sammelplatz f\u00fcr die Schlacht am Kahlberg, w\u00e4hrend der zweiten Wiener T\u00fcrkenbelagerung.<\/p>\n\n\n\n<p><a rel=\"noreferrer noopener\" href=\"https:\/\/www.kickstarter.com\/projects\/heroldundherold\/haithabu-tribes-of-the-north\" target=\"_blank\">Unser Spiel starten wir \u00fcber Kickstarter, bald geht es los. Jetzt vormerken!<\/a><\/p>\n","protected":false},"excerpt":{"rendered":"<p>Die Auswahl der Personennamen und Orte ist ma\u00dfgeblich von Wieland Herold entwickelt worden, er hat die Recherchen gef\u00fchrt und uns<\/p>\n<p class=\"more-link\"><a href=\"https:\/\/heroldundherold.de\/?p=1425\" class=\"readmore\">Read More<svg class=\"icon icon-angle-right\" aria-hidden=\"true\" role=\"img\"> <use href=\"#icon-angle-right\" xlink:href=\"#icon-angle-right\"><\/use> <\/svg><span class=\"screen-reader-text\">Hintergr\u00fcnde zu den Spielkarten von Haithabu<\/span><\/a><\/p>\n","protected":false},"author":1,"featured_media":1427,"comment_status":"open","ping_status":"open","sticky":false,"template":"","format":"standard","meta":{"footnotes":""},"categories":[20],"tags":[],"class_list":["post-1425","post","type-post","status-publish","format-standard","has-post-thumbnail","hentry","category-haithabu"],"_links":{"self":[{"href":"https:\/\/heroldundherold.de\/index.php?rest_route=\/wp\/v2\/posts\/1425"}],"collection":[{"href":"https:\/\/heroldundherold.de\/index.php?rest_route=\/wp\/v2\/posts"}],"about":[{"href":"https:\/\/heroldundherold.de\/index.php?rest_route=\/wp\/v2\/types\/post"}],"author":[{"embeddable":true,"href":"https:\/\/heroldundherold.de\/index.php?rest_route=\/wp\/v2\/users\/1"}],"replies":[{"embeddable":true,"href":"https:\/\/heroldundherold.de\/index.php?rest_route=%2Fwp%2Fv2%2Fcomments&post=1425"}],"version-history":[{"count":19,"href":"https:\/\/heroldundherold.de\/index.php?rest_route=\/wp\/v2\/posts\/1425\/revisions"}],"predecessor-version":[{"id":1486,"href":"https:\/\/heroldundherold.de\/index.php?rest_route=\/wp\/v2\/posts\/1425\/revisions\/1486"}],"wp:featuredmedia":[{"embeddable":true,"href":"https:\/\/heroldundherold.de\/index.php?rest_route=\/wp\/v2\/media\/1427"}],"wp:attachment":[{"href":"https:\/\/heroldundherold.de\/index.php?rest_route=%2Fwp%2Fv2%2Fmedia&parent=1425"}],"wp:term":[{"taxonomy":"category","embeddable":true,"href":"https:\/\/heroldundherold.de\/index.php?rest_route=%2Fwp%2Fv2%2Fcategories&post=1425"},{"taxonomy":"post_tag","embeddable":true,"href":"https:\/\/heroldundherold.de\/index.php?rest_route=%2Fwp%2Fv2%2Ftags&post=1425"}],"curies":[{"name":"wp","href":"https:\/\/api.w.org\/{rel}","templated":true}]}}