{"id":1528,"date":"2022-10-01T08:54:00","date_gmt":"2022-10-01T08:54:00","guid":{"rendered":"http:\/\/heroldundherold.de\/?p=1528"},"modified":"2023-07-17T08:00:02","modified_gmt":"2023-07-17T08:00:02","slug":"zauberer-schnitzel-im-gipfelglueck","status":"publish","type":"post","link":"https:\/\/heroldundherold.de\/?p=1528","title":{"rendered":"Zauberer Schnitzel im Gipfelgl\u00fcck"},"content":{"rendered":"\n<p>FSK: 0 | Dauer: 75 Min. | Genre: Kinder- &amp; Familienfilm, Abenteuer, Kom\u00f6die<\/p>\n\n\n\n<p>Wir freuen uns zu verk\u00fcnden, dass der neue Zauberer Schnitzel Film in den Startl\u00f6chern steht. &#8222;Zauberer Schnitzel im Gipfelgl\u00fcck&#8220;. Begleitet den Zauberer und seine Dose auf ein Abenteuer in den Bergen von Knedlhausen. <\/p>\n\n\n\n<p><em>Knedlhausen an der So\u00df ein idyllisches St\u00e4dtchen am Rande der Berge. Doch mit der Idylle ist es nun vorbei, denn ein ber\u00fchmter Bergsteiger will die Knedlhausener Gipfel in einem Zug durchsteigen. Doch was sucht zeitgleich der Zauberer Schnitzel, dem dummerweise sein Zauberstab abgebrochen ist, auf dem Berg? Als dann eine pl\u00f6tzliche Wetter\u00e4nderung eintritt, wird alles noch mysteri\u00f6ser und gef\u00e4hrlicher, aber ein omin\u00f6ser Schneemensch kann vielleicht helfen.<\/em><\/p>\n\n\n\n<p>Die Premiere hat am 30.10.2022 im Kinopalast Neuburg stattgefunden. Die Rezension zur Premiere vom Donaukurier findet ihr <a rel=\"noreferrer noopener\" href=\"https:\/\/www.donaukurier.de\/lokales\/landkreis-neuburg-schrobenhausen\/einfach-nur-herzhaft-lachen-6763442?utm_campaign=FacebookLokal&amp;utm_medium=facebook&amp;utm_source=dkn&amp;fbclid=IwAR2-7quX8p-2Hl6TbVqf6TQY7HLTuPtJO9W9GaNZRVl5pepONOHl0yAKrYQ\" target=\"_blank\"><strong>hier<\/strong><\/a>.<\/p>\n\n\n\n<p>Als Verlag stellen wir Ihnen den Film auch gerne f\u00fcr Ihr Kino zur Verf\u00fcgung. Bei Interesse melden Sie sich gerne! Weitere Infos zum Film finden Sie weiter unten. Infos zum Filmverleih finden Sie <strong><a href=\"http:\/\/heroldundherold.de\/?page_id=1603\">hier<\/a><\/strong>.<\/p>\n\n\n\n<p>Hier der neue Kinotrailer zum Film:<\/p>\n\n\n\n<figure class=\"wp-block-video\"><video controls src=\"http:\/\/heroldundherold.de\/wp-content\/uploads\/2022\/10\/Zauberer-Schnitzel-im-Gipfelglueck-mini-1.mp4\"><\/video><\/figure>\n\n\n\n<div class=\"wp-block-columns are-vertically-aligned-bottom is-layout-flex wp-container-core-columns-is-layout-1 wp-block-columns-is-layout-flex\">\n<div class=\"wp-block-column is-vertically-aligned-bottom is-layout-flow wp-block-column-is-layout-flow\" style=\"flex-basis:100%\">\n<figure class=\"wp-block-gallery has-nested-images columns-default is-cropped wp-block-gallery-1 is-layout-flex wp-block-gallery-is-layout-flex\">\n<figure class=\"wp-block-image size-large\"><img loading=\"lazy\" decoding=\"async\" width=\"1024\" height=\"576\" src=\"https:\/\/heroldundherold.de\/wp-content\/uploads\/2022\/10\/Schladminger-1-1024x576.jpg\" alt=\"\" class=\"wp-image-1576\" srcset=\"https:\/\/heroldundherold.de\/wp-content\/uploads\/2022\/10\/Schladminger-1-1024x576.jpg 1024w, https:\/\/heroldundherold.de\/wp-content\/uploads\/2022\/10\/Schladminger-1-300x169.jpg 300w, https:\/\/heroldundherold.de\/wp-content\/uploads\/2022\/10\/Schladminger-1-768x432.jpg 768w, https:\/\/heroldundherold.de\/wp-content\/uploads\/2022\/10\/Schladminger-1-1536x864.jpg 1536w, https:\/\/heroldundherold.de\/wp-content\/uploads\/2022\/10\/Schladminger-1.jpg 1920w\" sizes=\"(max-width: 1024px) 100vw, 1024px\" \/><\/figure>\n\n\n\n<figure class=\"wp-block-image size-large\"><img loading=\"lazy\" decoding=\"async\" width=\"1024\" height=\"576\" src=\"https:\/\/heroldundherold.de\/wp-content\/uploads\/2022\/10\/Erwischt-1-1024x576.jpg\" alt=\"\" class=\"wp-image-1572\" srcset=\"https:\/\/heroldundherold.de\/wp-content\/uploads\/2022\/10\/Erwischt-1-1024x576.jpg 1024w, https:\/\/heroldundherold.de\/wp-content\/uploads\/2022\/10\/Erwischt-1-300x169.jpg 300w, https:\/\/heroldundherold.de\/wp-content\/uploads\/2022\/10\/Erwischt-1-768x432.jpg 768w, https:\/\/heroldundherold.de\/wp-content\/uploads\/2022\/10\/Erwischt-1-1536x864.jpg 1536w, https:\/\/heroldundherold.de\/wp-content\/uploads\/2022\/10\/Erwischt-1.jpg 1920w\" sizes=\"(max-width: 1024px) 100vw, 1024px\" \/><\/figure>\n\n\n\n<figure class=\"wp-block-image size-large\"><img loading=\"lazy\" decoding=\"async\" width=\"1024\" height=\"576\" src=\"https:\/\/heroldundherold.de\/wp-content\/uploads\/2022\/10\/Sauerkrautdose-1-1024x576.jpg\" alt=\"\" class=\"wp-image-1573\" srcset=\"https:\/\/heroldundherold.de\/wp-content\/uploads\/2022\/10\/Sauerkrautdose-1-1024x576.jpg 1024w, https:\/\/heroldundherold.de\/wp-content\/uploads\/2022\/10\/Sauerkrautdose-1-300x169.jpg 300w, https:\/\/heroldundherold.de\/wp-content\/uploads\/2022\/10\/Sauerkrautdose-1-768x432.jpg 768w, https:\/\/heroldundherold.de\/wp-content\/uploads\/2022\/10\/Sauerkrautdose-1-1536x864.jpg 1536w, https:\/\/heroldundherold.de\/wp-content\/uploads\/2022\/10\/Sauerkrautdose-1.jpg 1920w\" sizes=\"(max-width: 1024px) 100vw, 1024px\" \/><\/figure>\n\n\n\n<figure class=\"wp-block-image size-large\"><img loading=\"lazy\" decoding=\"async\" width=\"1024\" height=\"576\" src=\"https:\/\/heroldundherold.de\/wp-content\/uploads\/2022\/10\/Kettlitz-jodelt-1-1024x576.jpg\" alt=\"\" class=\"wp-image-1574\" srcset=\"https:\/\/heroldundherold.de\/wp-content\/uploads\/2022\/10\/Kettlitz-jodelt-1-1024x576.jpg 1024w, https:\/\/heroldundherold.de\/wp-content\/uploads\/2022\/10\/Kettlitz-jodelt-1-300x169.jpg 300w, https:\/\/heroldundherold.de\/wp-content\/uploads\/2022\/10\/Kettlitz-jodelt-1-768x432.jpg 768w, https:\/\/heroldundherold.de\/wp-content\/uploads\/2022\/10\/Kettlitz-jodelt-1-1536x864.jpg 1536w, https:\/\/heroldundherold.de\/wp-content\/uploads\/2022\/10\/Kettlitz-jodelt-1.jpg 1920w\" sizes=\"(max-width: 1024px) 100vw, 1024px\" \/><\/figure>\n\n\n\n<figure class=\"wp-block-image size-large\"><img loading=\"lazy\" decoding=\"async\" width=\"1024\" height=\"576\" src=\"https:\/\/heroldundherold.de\/wp-content\/uploads\/2022\/10\/Am-Berg-mit-Dose-1-1024x576.jpg\" alt=\"\" class=\"wp-image-1577\" srcset=\"https:\/\/heroldundherold.de\/wp-content\/uploads\/2022\/10\/Am-Berg-mit-Dose-1-1024x576.jpg 1024w, https:\/\/heroldundherold.de\/wp-content\/uploads\/2022\/10\/Am-Berg-mit-Dose-1-300x169.jpg 300w, https:\/\/heroldundherold.de\/wp-content\/uploads\/2022\/10\/Am-Berg-mit-Dose-1-768x432.jpg 768w, https:\/\/heroldundherold.de\/wp-content\/uploads\/2022\/10\/Am-Berg-mit-Dose-1-1536x864.jpg 1536w, https:\/\/heroldundherold.de\/wp-content\/uploads\/2022\/10\/Am-Berg-mit-Dose-1.jpg 1920w\" sizes=\"(max-width: 1024px) 100vw, 1024px\" \/><\/figure>\n\n\n\n<figure class=\"wp-block-image size-large\"><img loading=\"lazy\" decoding=\"async\" width=\"1024\" height=\"576\" src=\"https:\/\/heroldundherold.de\/wp-content\/uploads\/2022\/10\/chor-Knedlhausen-1-1024x576.jpg\" alt=\"\" class=\"wp-image-1578\" srcset=\"https:\/\/heroldundherold.de\/wp-content\/uploads\/2022\/10\/chor-Knedlhausen-1-1024x576.jpg 1024w, https:\/\/heroldundherold.de\/wp-content\/uploads\/2022\/10\/chor-Knedlhausen-1-300x169.jpg 300w, https:\/\/heroldundherold.de\/wp-content\/uploads\/2022\/10\/chor-Knedlhausen-1-768x432.jpg 768w, https:\/\/heroldundherold.de\/wp-content\/uploads\/2022\/10\/chor-Knedlhausen-1-1536x864.jpg 1536w, https:\/\/heroldundherold.de\/wp-content\/uploads\/2022\/10\/chor-Knedlhausen-1.jpg 1920w\" sizes=\"(max-width: 1024px) 100vw, 1024px\" \/><\/figure>\n\n\n\n<figure class=\"wp-block-image size-large\"><img loading=\"lazy\" decoding=\"async\" width=\"1024\" height=\"576\" src=\"https:\/\/heroldundherold.de\/wp-content\/uploads\/2022\/10\/Abbruch-Zauberstab-1-1024x576.jpg\" alt=\"\" class=\"wp-image-1575\" srcset=\"https:\/\/heroldundherold.de\/wp-content\/uploads\/2022\/10\/Abbruch-Zauberstab-1-1024x576.jpg 1024w, https:\/\/heroldundherold.de\/wp-content\/uploads\/2022\/10\/Abbruch-Zauberstab-1-300x169.jpg 300w, https:\/\/heroldundherold.de\/wp-content\/uploads\/2022\/10\/Abbruch-Zauberstab-1-768x432.jpg 768w, https:\/\/heroldundherold.de\/wp-content\/uploads\/2022\/10\/Abbruch-Zauberstab-1-1536x864.jpg 1536w, https:\/\/heroldundherold.de\/wp-content\/uploads\/2022\/10\/Abbruch-Zauberstab-1.jpg 1920w\" sizes=\"(max-width: 1024px) 100vw, 1024px\" \/><\/figure>\n<\/figure>\n<\/div>\n<\/div>\n\n\n\n<p>Schauspieler: Harald Edelmann (Zauberer Schnitzel), Stefan Gl\u00fcckstein (Reinhold Messmer), Kerstin Egerer (Baron von Kettlitz und Sauerkrautdose), Sepp Egerer (Oberwachtmeister Wapflinger und Frau Schladminger), Bernhard Mahler (Moderator Rudi), Susi Illichmann (Reporterin Susi), Maria Lang (B\u00fcrgermeisterin), Susanne Sarauer (Frau Hinterhuber).<\/p>\n\n\n\n<p>Regie: Sepp und Kerstin Egerer<\/p>\n\n\n\n<p>Kamera: Oliver Lichtl<\/p>\n\n\n\n<p>Schnitt: Kerstin Egerer<\/p>\n\n\n\n<p>Musik: Sepp Egerer, Ben Heine und Daniel Komarek<\/p>\n\n\n\n<p>Casting: Sepp Egerer<\/p>\n\n\n\n<p>Produktion: Mensch Egerer Dich Nicht und Lichtfilme<\/p>\n\n\n\n<p>Verleih: Herold &amp; Herold Verlag (H<sub>2<\/sub>O Verlag)<\/p>\n","protected":false},"excerpt":{"rendered":"<p>FSK: 0 | Dauer: 75 Min. | Genre: Kinder- &amp; Familienfilm, Abenteuer, Kom\u00f6die Wir freuen uns zu verk\u00fcnden, dass der<\/p>\n<p class=\"more-link\"><a href=\"https:\/\/heroldundherold.de\/?p=1528\" class=\"readmore\">Read More<svg class=\"icon icon-angle-right\" aria-hidden=\"true\" role=\"img\"> <use href=\"#icon-angle-right\" xlink:href=\"#icon-angle-right\"><\/use> <\/svg><span class=\"screen-reader-text\">Zauberer Schnitzel im Gipfelgl\u00fcck<\/span><\/a><\/p>\n","protected":false},"author":1,"featured_media":1504,"comment_status":"open","ping_status":"open","sticky":false,"template":"","format":"standard","meta":{"footnotes":""},"categories":[27,22],"tags":[],"class_list":["post-1528","post","type-post","status-publish","format-standard","has-post-thumbnail","hentry","category-filme","category-mensch-egerer-dich-nicht"],"_links":{"self":[{"href":"https:\/\/heroldundherold.de\/index.php?rest_route=\/wp\/v2\/posts\/1528"}],"collection":[{"href":"https:\/\/heroldundherold.de\/index.php?rest_route=\/wp\/v2\/posts"}],"about":[{"href":"https:\/\/heroldundherold.de\/index.php?rest_route=\/wp\/v2\/types\/post"}],"author":[{"embeddable":true,"href":"https:\/\/heroldundherold.de\/index.php?rest_route=\/wp\/v2\/users\/1"}],"replies":[{"embeddable":true,"href":"https:\/\/heroldundherold.de\/index.php?rest_route=%2Fwp%2Fv2%2Fcomments&post=1528"}],"version-history":[{"count":7,"href":"https:\/\/heroldundherold.de\/index.php?rest_route=\/wp\/v2\/posts\/1528\/revisions"}],"predecessor-version":[{"id":1639,"href":"https:\/\/heroldundherold.de\/index.php?rest_route=\/wp\/v2\/posts\/1528\/revisions\/1639"}],"wp:featuredmedia":[{"embeddable":true,"href":"https:\/\/heroldundherold.de\/index.php?rest_route=\/wp\/v2\/media\/1504"}],"wp:attachment":[{"href":"https:\/\/heroldundherold.de\/index.php?rest_route=%2Fwp%2Fv2%2Fmedia&parent=1528"}],"wp:term":[{"taxonomy":"category","embeddable":true,"href":"https:\/\/heroldundherold.de\/index.php?rest_route=%2Fwp%2Fv2%2Fcategories&post=1528"},{"taxonomy":"post_tag","embeddable":true,"href":"https:\/\/heroldundherold.de\/index.php?rest_route=%2Fwp%2Fv2%2Ftags&post=1528"}],"curies":[{"name":"wp","href":"https:\/\/api.w.org\/{rel}","templated":true}]}}